{"id":1854,"date":"2015-09-24T18:39:21","date_gmt":"2015-09-24T23:39:21","guid":{"rendered":"http:\/\/www.marketing4u.com.mx\/?p=1854"},"modified":"2015-09-24T18:39:21","modified_gmt":"2015-09-24T23:39:21","slug":"twitter-y-fundeu-luchan-por-las-tildes","status":"publish","type":"post","link":"https:\/\/marketing4u.com.mx\/new\/twitter-y-fundeu-luchan-por-las-tildes\/","title":{"rendered":"Twitter y Fund\u00e9u luchan por las tildes"},"content":{"rendered":"<h3>Redes Sociales: Twitter y Fund\u00e9u luchan por las tildes<\/h3>\n<p>Nadie puede negar que el tema de la \u00abacentuaci\u00f3n\u00bb siempre se ha caracterizado por cr\u00edticas de quien sabe escribir de acuerdo a las reglas y qui\u00e9n no lo hace por falta de conocimiento o porque le da igual.<!--more--><\/p>\n<p>Desafortunadamente, en el mundo <strong>Digital<\/strong> en el que vivimos, muchas marcas han sido rechazadas, avergonzadas y expuestas por errores de este tipo, y aunque no podemos negar que la tecnolog\u00eda muchas veces obliga a los usuarios a no ser tan \u00abexactos\u00bb al momento de escribir, es importante reconocer que quienes est\u00e1n detr\u00e1s de las marcas, deben cuidar mucho el uso que hacen del lenguaje.<\/p>\n<p>Ante esto, la Fundaci\u00f3n del Espa\u00f1ol Urgente (Fund\u00e9u BBVA) de la mano de <strong>Twitter<\/strong>, han establecido que pueden, y hasta cierto punto deben incluirse tildes y may\u00fasculas en las <strong>etiquetas<\/strong> o <strong>hashtags<\/strong> de \u00e9sta <strong>red social<\/strong> lanzando una campa\u00f1a hace algunos d\u00edas con la finalidad de lograr que los <strong>tuiteros<\/strong> mejoren sus h\u00e1bitos al escribir en <strong>medios digitales<\/strong>.<\/p>\n<p>Por su parte, <strong>Fund\u00e9u<\/strong>, asegura que los buscadores de <strong>Twitter<\/strong>, no hacen distinci\u00f3n alguna al momento de revisar etiquetas con o sin tilde, por lo que escribir \u00abcorrectamente\u00bb no trae consigo ning\u00fan problema o limitante t\u00e9cnico, de igual forma, se recomienda el uso de may\u00fasculas para distinguir entre una palabra y otra que pueda ir junta en un <strong>hashtag<\/strong>, no se diga cuando se trata de nombres propios o cualquier palabra que por regla debe llevar may\u00fascula.<\/p>\n<p>El nombre de esta campa\u00f1a es <strong>#<\/strong>Acent\u00faate, y grandes personalidades como Antonio Banderas, la est\u00e1n apoyando al prestar su imagen para alzar la voz en favor de nuestro lenguaje.<\/p>\n<p>El director general de la Fundaci\u00f3n del Espa\u00f1ol Urgente, Joaqu\u00edn Muller, asegura que as\u00ed como muchas personas invierten tanto tiempo en elegir su foto de perfil, el objetivo de esta <strong>campa\u00f1a<\/strong> es que se tenga el mismo cuidado al momento de escribir en las <strong>Redes Sociales<\/strong>, ya que esto se convierte en el vestido de nuestro pensamiento.<\/p>\n<p>Tengamos presente que los que estamos inmersos en el mundo <strong>Digital<\/strong>, y en especial, los que formamos parte del <strong>Marketing Digital<\/strong> y tenemos <strong>marcas<\/strong> a nuestra custodia, debemos cuidar minuciosamente la forma en la que nos expresamos en <strong>Internet<\/strong>, ya que nuestra reputaci\u00f3n y la de todos los que forman parte de la empresa, estamos en el ojo del hurac\u00e1n constantemente.<\/p>\n<p>Imagen: <a href=\"http:\/\/www.clasesdeperiodismo.com\/2015\/09\/16\/fundeu-y-twitter-las-etiquetas-pueden-usar-tildes-acentuate\/\" target=\"_blank\" rel=\"noopener noreferrer\">http:\/\/www.clasesdeperiodismo.com\/<\/a><\/p>\n","protected":false},"excerpt":{"rendered":"<p>Redes Sociales: Twitter y Fund\u00e9u luchan por las tildes Nadie puede negar que el tema de la \u00abacentuaci\u00f3n\u00bb siempre se ha caracterizado por cr\u00edticas de quien sabe escribir de acuerdo a las reglas y qui\u00e9n no lo hace por falta de conocimiento o porque le da igual.<\/p>\n","protected":false},"author":1,"featured_media":1872,"comment_status":"open","ping_status":"open","sticky":false,"template":"","format":"standard","meta":{"_et_pb_use_builder":"","_et_pb_old_content":"","_et_gb_content_width":"","footnotes":""},"categories":[8,26,27],"tags":[40,62,63,82,95,129,164,182],"class_list":["post-1854","post","type-post","status-publish","format-standard","has-post-thumbnail","hentry","category-articulos","category-publicidad-digital","category-redes-sociales","tag-adwords","tag-comercio-electronico","tag-community-manager","tag-diseno-paginas-web","tag-estrategia-de-marketing-digital","tag-marketing-digital-mexico","tag-redes-sociales","tag-tiendas-online"],"_links":{"self":[{"href":"https:\/\/marketing4u.com.mx\/new\/wp-json\/wp\/v2\/posts\/1854","targetHints":{"allow":["GET"]}}],"collection":[{"href":"https:\/\/marketing4u.com.mx\/new\/wp-json\/wp\/v2\/posts"}],"about":[{"href":"https:\/\/marketing4u.com.mx\/new\/wp-json\/wp\/v2\/types\/post"}],"author":[{"embeddable":true,"href":"https:\/\/marketing4u.com.mx\/new\/wp-json\/wp\/v2\/users\/1"}],"replies":[{"embeddable":true,"href":"https:\/\/marketing4u.com.mx\/new\/wp-json\/wp\/v2\/comments?post=1854"}],"version-history":[{"count":0,"href":"https:\/\/marketing4u.com.mx\/new\/wp-json\/wp\/v2\/posts\/1854\/revisions"}],"wp:featuredmedia":[{"embeddable":true,"href":"https:\/\/marketing4u.com.mx\/new\/wp-json\/wp\/v2\/media\/1872"}],"wp:attachment":[{"href":"https:\/\/marketing4u.com.mx\/new\/wp-json\/wp\/v2\/media?parent=1854"}],"wp:term":[{"taxonomy":"category","embeddable":true,"href":"https:\/\/marketing4u.com.mx\/new\/wp-json\/wp\/v2\/categories?post=1854"},{"taxonomy":"post_tag","embeddable":true,"href":"https:\/\/marketing4u.com.mx\/new\/wp-json\/wp\/v2\/tags?post=1854"}],"curies":[{"name":"wp","href":"https:\/\/api.w.org\/{rel}","templated":true}]}}